{"id":2385,"date":"2025-08-26T20:19:24","date_gmt":"2025-08-26T20:19:24","guid":{"rendered":"https:\/\/we-digitize.io\/?p=2385"},"modified":"2025-08-26T20:26:46","modified_gmt":"2025-08-26T20:26:46","slug":"2385","status":"publish","type":"post","link":"https:\/\/we-digitize.io\/de\/2025\/08\/26\/2385\/","title":{"rendered":"Mythen rund um die Elektromobilit\u00e4t"},"content":{"rendered":"<p>Herzlich willkommen zur\u00fcck auf dem Blog von we.digitize! Hier informieren wir Sie regelm\u00e4\u00dfig \u00fcber aktuelle Entwicklungen und geben Einblicke in spannende Themen rund um unser Unternehmen und die Branche. In diesem Beitrag r\u00e4umen wir mit den h\u00e4ufigsten Mythen rund um die Elektromobilit\u00e4t auf.<\/p>\n<h4><u>Die g\u00e4ngigsten Mythen auf den Punkt gebracht<\/u><\/h4>\n<p>In diesem Beitrag widmen wir uns den verbreitetsten Mythen rund um die Elektromobilit\u00e4t. Dabei geht es um Annahmen und Vorurteile, die h\u00e4ufig als Fakten wahrgenommen werden, in Wirklichkeit jedoch nur teilweise oder gar nicht zutreffen. Viele diese Missverst\u00e4ndnisse basieren auf veralteten Informationen oder unvollst\u00e4ndigen Vergleichen und werden oft als Argumente gegen Elektrofahrzeuge ins Feld gef\u00fchrt.<\/p>\n<p>Ziel dieses Beitrags ist es, diese Fehleinsch\u00e4tzungen zu beleuchten, mit aktuellen Fakten zu untermauern und so zu einer sachlichen Diskussion beizutragen.<\/p>\n<p>&nbsp;<\/p>\n<p><em>1. \u201eElektroautos haben eine zu geringe Reichweite\u201c<\/em><\/p>\n<figure id=\"attachment_2386\" aria-describedby=\"caption-attachment-2386\" style=\"width: 266px\" class=\"wp-caption alignleft\"><img decoding=\"async\" class=\"wp-image-2386\" src=\"http:\/\/we-digitize.io\/wp-content\/uploads\/2025\/08\/1-300x169.png\" alt=\"\" width=\"266\" height=\"150\" srcset=\"https:\/\/we-digitize.io\/wp-content\/uploads\/2025\/08\/1-300x169.png 300w, https:\/\/we-digitize.io\/wp-content\/uploads\/2025\/08\/1-1024x577.png 1024w, https:\/\/we-digitize.io\/wp-content\/uploads\/2025\/08\/1-768x433.png 768w, https:\/\/we-digitize.io\/wp-content\/uploads\/2025\/08\/1-18x10.png 18w, https:\/\/we-digitize.io\/wp-content\/uploads\/2025\/08\/1.png 1100w\" sizes=\"(max-width: 266px) 100vw, 266px\" \/><figcaption id=\"caption-attachment-2386\" class=\"wp-caption-text\"><a href=\"https:\/\/www.autoscout24.de\/informieren\/ratgeber\/beste-autos\/reichweite-elektroauto\/\" target=\"_blank\" rel=\"noopener\">Bild 1<\/a><\/figcaption><\/figure>\n<p>Moderne Elektrofahrzeuge erreichen Reichweiten von 300 bis 500 km. Im Vergleich dazu schaffen Verbrenner zwar 800 bis 1.000 km, doch der \u00fcberwiegende Anteil der allt\u00e4glichen Fahrten liegt deutlich unter der typischen E-Auto Reichweite. Somit sind lange Reichweiten f\u00fcr den Alltag kaum entscheidend. Bei Fernreisen erfordert es zwar mehr Planung, aber dank des stetig wachsenden Ladeinfrastruktur-Netzes ist dies kaum noch problematisch. Zudem kommt aber, dass es bereits viele Tests mit neuen Batterietypen gibt, die in der Testumgebung \u00fcber 1.000 km weit kommen.<\/p>\n<p>&nbsp;<\/p>\n<p>&nbsp;<\/p>\n<p>Das sieht man beispielsweise bei Feststoffbatterien bei Mercedes und VW, die seit Anfang 2025 derartige Tests durchf\u00fchren und \u00fcber 1.000 km Reichweite zur\u00fcckgelegt haben (<a href=\"https:\/\/www.enbw.com\/blog\/elektromobilitaet\/laden\/schnellladen\/#wie-schnell-lade-ich-an-einer-schnellladestation\" target=\"_blank\" rel=\"noopener\">Artikel1<\/a>, <a href=\"https:\/\/octopusenergy.de\/strom\/optimale-ladeleistung-fuer-dein-e-auto#2\" target=\"_blank\" rel=\"noopener\">Artikel2<\/a>).<\/p>\n<p>&nbsp;<\/p>\n<p><em>2. \u201eLaden dauert zu lange und rechnet sich nicht.\u201c<\/em><\/p>\n<figure id=\"attachment_2387\" aria-describedby=\"caption-attachment-2387\" style=\"width: 300px\" class=\"wp-caption alignright\"><img decoding=\"async\" class=\"wp-image-2387 size-medium\" src=\"http:\/\/we-digitize.io\/wp-content\/uploads\/2025\/08\/2-300x140.png\" alt=\"\" width=\"300\" height=\"140\" srcset=\"https:\/\/we-digitize.io\/wp-content\/uploads\/2025\/08\/2-300x140.png 300w, https:\/\/we-digitize.io\/wp-content\/uploads\/2025\/08\/2-18x8.png 18w, https:\/\/we-digitize.io\/wp-content\/uploads\/2025\/08\/2.png 755w\" sizes=\"(max-width: 300px) 100vw, 300px\" \/><figcaption id=\"caption-attachment-2387\" class=\"wp-caption-text\"><a href=\"https:\/\/www.amag-group.ch\/blog\/elektroauto-laden-wie-funktioniert-das\/\" target=\"_blank\" rel=\"noopener\">Bild 2<\/a><\/figcaption><\/figure>\n<p>Das ist keineswegs der Fall, denn dank Schnelllade-Technologie (DC) ist es m\u00f6glich in etwa 30 Minuten bis zu 80% des Akkus aufzuladen (<a href=\"https:\/\/www.svo.de\/nachhaltige-loesungen\/e-mobilitaet\/faq-emobilitaet\" target=\"_blank\" rel=\"noopener\">Zum Artikel<\/a>). Wird diese Zeit effektiv eingeplant, ist dies f\u00fcr die meisten Nutzer gut l\u00f6sbar. Fahrzeuge stehen den \u00fcberwiegenden Teil der Zeit nur herum, z.B. im B\u00fcro oder an der Uni. In dieser Zeit kann das Fahrzeug auch an AC Ladestationen gem\u00fctlich vollladen, ohne dass der Nutzer etwas Anderes tun muss, als bisher.<\/p>\n<p>&nbsp;<\/p>\n<p>&nbsp;<\/p>\n<p><em>3. \u201eE-Autos sind nicht umweltfreundlich, vor allem wegen der Batterie.\u201c<\/em><\/p>\n<p>Dem widersprechen sowohl Recyclingans\u00e4tze als auch nachhaltige Produktionsprozesse. Gerade die Batterien werden zunehmend recycelt und umweltfreundlicher produziert. Laut P3 erreicht ein Tesla Model Y beim heutigen EU-Strommix die Klimaneutralit\u00e4t erst nach etwa 95.000 \u2013 120.000 km, unter 100% erneuerbarer Energien jedoch schon nach 50.000 km oder weniger. BMWs kommender iX3 schafft diesen Punkt sogar schon nach 17.500 \u2013 21.500 km, je nach Lademix (<a href=\"https:\/\/newmobility.news\/2025\/08\/19\/p3-evs-could-reach-co%E2%82%82-break-even-in-under-30000-km-with-clean-grid\/\" target=\"_blank\" rel=\"noopener\">Zum Artikel<\/a>). Laut Fraunhofer ISI verbrauchen E-Autos bis zu 50% weniger Treibhausgase als vergleichbare Verbrenner (<a href=\"https:\/\/www.isi.fraunhofer.de\/de\/presse\/2022\/presseinfo-05-efi-e-mobilitaet-klimaziele-industrie-plug-in.html\" target=\"_blank\" rel=\"noopener\">Zum Artikel<\/a>).<\/p>\n<p>&nbsp;<\/p>\n<p><em>4. \u201eEs gibt zu wenig Ladestationen.\u201c<\/em><\/p>\n<p>Das Ladenetz ist bereits solide ausgebaut und w\u00e4chst weiter, insbesondere entlang der Autobahnen. \u00d6ffentliche Ladepunkte finden sich aktuell in rund 57% der Gemeinden, in denen etwa 95% der Bev\u00f6lkerung leben (<a href=\"https:\/\/ecomento.de\/2025\/05\/29\/bdew-e-mobilitaets-monitor-zeigt-fortschritte-bei-elektroautos-und-ladeinfrastruktur\" target=\"_blank\" rel=\"noopener\">Zum Artikel<\/a>). Au\u00dferdem werden die meisten Ladevorg\u00e4nge zu Hause oder am Arbeitsplatz durchgef\u00fchrt.<\/p>\n<p>&nbsp;<\/p>\n<p><em>5. \u201eDas Stromnetz bricht durch zu viele E-Autos zusammen.\u201c<\/em><\/p>\n<figure id=\"attachment_2388\" aria-describedby=\"caption-attachment-2388\" style=\"width: 300px\" class=\"wp-caption alignleft\"><img decoding=\"async\" class=\"wp-image-2388 size-medium\" src=\"http:\/\/we-digitize.io\/wp-content\/uploads\/2025\/08\/3-300x150.jpg\" alt=\"\" width=\"300\" height=\"150\" srcset=\"https:\/\/we-digitize.io\/wp-content\/uploads\/2025\/08\/3-300x150.jpg 300w, https:\/\/we-digitize.io\/wp-content\/uploads\/2025\/08\/3-768x384.jpg 768w, https:\/\/we-digitize.io\/wp-content\/uploads\/2025\/08\/3-18x9.jpg 18w, https:\/\/we-digitize.io\/wp-content\/uploads\/2025\/08\/3.jpg 980w\" sizes=\"(max-width: 300px) 100vw, 300px\" \/><figcaption id=\"caption-attachment-2388\" class=\"wp-caption-text\"><a href=\"https:\/\/www.ingenieur.de\/technik\/fachbereiche\/verkehr\/bessere-ladeinfrastruktur-fuer-e-autos-durch-mehrfachsteckdosen\/\" target=\"_blank\" rel=\"noopener\">Bild 3<\/a>\u00a0 \u00a0 \u00a0 \u00a0 \u00a0 \u00a0 \u00a0 \u00a0 \u00a0 \u00a0 \u00a0 \u00a0 \u00a0 \u00a0 \u00a0 \u00a0 \u00a0 \u00a0 \u00a0 \u00a0 \u00a0 \u00a0 \u00a0 \u00a0 \u00a0 \u00a0\u00a0<\/figcaption><\/figure>\n<p>Diese Sorge ist unbegr\u00fcndet, denn Netzbetreiber arbeiten mit Lastmanagement und Smart-Charging-L\u00f6sungen, um \u00dcberlastungen zu verhindern. Studien belegen, dass die Stromverbrauchslast durch Elektroautos deutlich geringer ist als die f\u00fcr die Produktion von Benzin:<\/p>\n<p><em>\u201eDer Gedanke, dass Elektroautos das Stromnetz \u00fcberlasten, ist schlicht falsch. Die Produktion von Benzin verbraucht viel mehr Strom als direktes Laden von Elektrofahrzeugen.\u201c \u2013 Juice Technology AG \/ BEM e.V.<\/em><\/p>\n<p>&nbsp;<\/p>\n<p>&nbsp;<\/p>\n<p><em>6. \u201eE-Autos sind in der Anschaffung zu teuer.\u201c<\/em><\/p>\n<p>Obwohl h\u00f6here Anschaffungskosten m\u00f6glich sind, profitiert man langfristig von niedrigen Betriebskosten. Die Ersparnisse ergeben sich vor allem durch g\u00fcnstigere Energie, d.h. Strom statt Sprit. Das gilt allerdings nur, wenn man mit dem eigenen Stromtarif oder auf der Arbeit laden kann. Wenn man unterwegs mit Roaming l\u00e4dt, dann ist es oft 0,50\u20ac+ pro kWh. Mit einem Verbrauch von 20kWh auf 100km ist es nicht g\u00fcnstiger als mit einem Verbrenner. Allerdings machen weniger Wartungsaufwand und steuerliche Vorteile E-Autos in der Gesamtbilanz wirtschaftlich attraktiver.<\/p>\n<p>&nbsp;<\/p>\n<p><em>7. \u201eE-Autos sind zu langweilig zu fahren.\u201c<\/em><\/p>\n<p>Vor allem durch sofortiges Drehmoment ist der Start bedeutend schneller. Hinzukommt ein leiseres Fahrgef\u00fchl und immer neue Tech-Features. Au\u00dferdem sind viele E-Autos schneller als Sportwagen. Insgesamt sorgen diese Aspekte f\u00fcr ein angenehmeres Fahrgef\u00fchl. Nat\u00fcrlich bleibt die Wahl des Fahrgef\u00fchls stets eine pers\u00f6nliche Entscheidung, die von individuellen Vorlieben abh\u00e4ngt.<\/p>\n<p>&nbsp;<\/p>\n<p><em>8. \u201eDie Batterien von E-Autos halten nur wenige Jahre.\u201c<\/em><\/p>\n<figure id=\"attachment_2389\" aria-describedby=\"caption-attachment-2389\" style=\"width: 230px\" class=\"wp-caption alignright\"><img loading=\"lazy\" decoding=\"async\" class=\"wp-image-2389\" src=\"http:\/\/we-digitize.io\/wp-content\/uploads\/2025\/08\/4-300x216.jpg\" alt=\"\" width=\"230\" height=\"165\" srcset=\"https:\/\/we-digitize.io\/wp-content\/uploads\/2025\/08\/4-300x216.jpg 300w, https:\/\/we-digitize.io\/wp-content\/uploads\/2025\/08\/4-18x12.jpg 18w, https:\/\/we-digitize.io\/wp-content\/uploads\/2025\/08\/4.jpg 530w\" sizes=\"(max-width: 230px) 100vw, 230px\" \/><figcaption id=\"caption-attachment-2389\" class=\"wp-caption-text\"><a href=\"https:\/\/carswellgould.co.uk\/insight\/first-steps-towards-sustainable-business\" target=\"_blank\" rel=\"noopener\">Bild 4<\/a><\/figcaption><\/figure>\n<p>Studien von Geotab, p3 und T\u00dcV Nord zeigen, dass E-Auto-Batterien auch nach 10 Jahren noch eine erhebliche Restkapazit\u00e4t aufweisen. Bei richtiger Pflege k\u00f6nnen sie \u00fcber 20 Jahre halten, mit einer durchschnittlichen Degradationsrate von etwa 1,8% pro Jahr (<a href=\"https:\/\/www.geotab.com\/de\/blog\/efahrzeuge-batterie-lebensdauer-studie\/\" target=\"_blank\" rel=\"noopener\">Geotab<\/a>). Hersteller wie VW und Hyundai bieten oft entsprechende Garantien \u00fcber 8 Jahre an.<\/p>\n<p>&nbsp;<\/p>\n<p>&nbsp;<\/p>\n<p><em>9. \u201eDas Laden ist zu kompliziert.\u201c<\/em><\/p>\n<p>Moderne Ladesysteme arbeiten \u00fcber Apps, RFID-Karten oder kotaktloses Bezahlen. Ladestationen zeigen freie Pl\u00e4tze, Ladeleistungen und Preis in Echtzeit an. Einige Systeme erm\u00f6glichen automatische Planung oder Reservierung der Ladevorg\u00e4nge. Da die meisten<\/p>\n<figure id=\"attachment_2390\" aria-describedby=\"caption-attachment-2390\" style=\"width: 240px\" class=\"wp-caption alignleft\"><img loading=\"lazy\" decoding=\"async\" class=\"wp-image-2390\" src=\"http:\/\/we-digitize.io\/wp-content\/uploads\/2025\/08\/6.png\" alt=\"\" width=\"240\" height=\"162\" srcset=\"https:\/\/we-digitize.io\/wp-content\/uploads\/2025\/08\/6.png 300w, https:\/\/we-digitize.io\/wp-content\/uploads\/2025\/08\/6-18x12.png 18w\" sizes=\"(max-width: 240px) 100vw, 240px\" \/><figcaption id=\"caption-attachment-2390\" class=\"wp-caption-text\"><a href=\"https:\/\/www.kinetacharge.com\/hk\/helps\/activate-ac-charger-by-kiosk\/\" target=\"_blank\" rel=\"noopener\">Bild 5<\/a><\/figcaption><\/figure>\n<p>Fahrer den Strom zu Hause oder am Arbeitsplatz beziehen, ist der Unterschied zum klassischen Tanken im Alltag oft geringer. Zuk\u00fcnftig wird der Ladevorgang durch Plug &amp; Charge noch einfacher werden: Einstecken, Laden, abrechnen und das alles automatisch ohne App oder RFID-Karte.<\/p>\n<p>Wenn Sie tiefer in die rechtlichen Hintergr\u00fcnde einsteigen m\u00f6chten, schauen Sie sich gerne den vorigen Blogbeitrag \u201eEU Verordnungen\u201c an. Dort gibt es unter anderem eine ausf\u00fchrliche Erkl\u00e4rung zu dem AFIR Gesetz.<\/p>\n<p>&nbsp;<\/p>\n<p>&nbsp;<\/p>\n<p><em>10. \u201eE-Autos taugen nichts f\u00fcr das Landleben.\u201c<\/em><\/p>\n<p>Mit heimischer Ladung zu Hause oder am Hof entfallen lange Wege zur n\u00e4chsten Tankstelle. \u00a0Zudem h\u00e4lt sich die Batterie, wie bereits angesprochen, deutlich l\u00e4nger als man denkt und die Infrastruktur wird auch auf dem Land konsequent ausgebaut. Besonders g\u00fcnstig wird es vor allem, wenn man selber Photovoltaik auf dem Dach hat. Das ist auf dem Land oft leichter umzusetzen als in der Stadt.<\/p>\n<p>&nbsp;<\/p>\n<p><em>11. \u201eE-Autos sind zu leise, was eine Gef\u00e4hrdung darstellt.\u201c<\/em><\/p>\n<p>Seit Juli 2019 sind akustische Warnsysteme (AVAS) gesetzlich vorgeschrieben. Alle neuen Fahrzeuge m\u00fcssen bei niedrigeren Geschwindigkeiten bis 20km\/h k\u00fcnstliche Fahrger\u00e4usche erzeugen, meist \u00fcber Lautsprecher au\u00dfen am Fahrzeug. Das f\u00fchrt zu deutlich mehr Sicherheit.<\/p>\n<p><em>\u201eGerade bei niedriger Geschwindigkeit sorgt das AVAD f\u00fcr mehr Sicherheit. Die Ger\u00e4usche \u00e4hneln oft Verbrennern oder futuristischen Sounds.\u201c \u2013 \u00a0Bundesanstalt f\u00fcr Stra\u00dfenwesen<\/em><\/p>\n<p>&nbsp;<\/p>\n<h4><u>Wie entstehen Mythen rund um die Elektromobilit\u00e4t?<\/u><\/h4>\n<p>Viele der heute noch verbreiteten Vorurteile \u00fcber die Elektromobilit\u00e4t stammen aus ihrer fr\u00fchen Entwicklungsphase. Damals waren die Reichweiten tats\u00e4chlich geringer, die Ladezeiten l\u00e4nger und die Ladeinfrastruktur l\u00fcckenhaft. Einzelne Negativerfahrungen, wie defekte Ladestationen und lange Ladezeiten, erhielten in den Medien gro\u00dfe Aufmerksamkeit. Verst\u00e4rkt wird dieser Effekt dadurch, dass negative Erlebnisse allgemein st\u00e4rker im Ged\u00e4chtnis bleiben als positive.<\/p>\n<p>Hinzukommt, dass sich viele Menschen an die damaligen Medienberichte aus der Anfangszeit erinnern, als die Technik noch nicht den heutigen Stand erreicht hatte. Zudem neigen wir dazu, neue Technologien mit dem zu vergleichen, was sie gewohnt sind. Wer seit Jahrzehnten Verbrenner f\u00e4hrt, beurteilt ein E-Auto oft nach Kriterien wie Reichweite und Tankgeschwindigkeit, obwohl sich beide Konzepte nicht ein zu eins gegen\u00fcberstellen lassen.<\/p>\n<p>Auch wirtschaftliche Interessen tragen zur Verfestigung dieser Mythen bei. Unternehmen aus der klassischen Automobil- und Mineral\u00f6lbranche haben ein nachvollziehbares Eigeninteresse daran, die Vorteile von Verbrennungsmotoren hervorzuheben und die Skepsis gegen\u00fcber der Elektromobilit\u00e4t zu f\u00f6rdern.<\/p>\n<p>&nbsp;<\/p>\n<h4><u>Einordnung der Gegenpositionen<\/u><\/h4>\n<p>Es w\u00e4re weder zielf\u00fchrend noch sachlich, s\u00e4mtliche Kritikpunkte an der Elektromobilit\u00e4t pauschal als unbegr\u00fcndet abzutun. Manche Bedenken haben durchaus einen wahren Kern, vorausgesetzt, sie werden im richtigen Kontext betrachtet.<\/p>\n<p>Es ist richtig, dass die Reichweite eines Elektrofahrzeugs in der Regel geringer ist als die eines Verbrenners. F\u00fcr Vielfahrer, die t\u00e4glich lange Strecken zur\u00fccklegen, kann ein konventioneller Antrieb derzeit noch praktischer sein, auch wenn sich der technologische Abstand kontinuierlich verringert. Ebenso ist es korrekt, dass die Ladeinfrastruktur in d\u00fcnn besiedelten Regionen noch nicht fl\u00e4chendecken vorhanden ist. Wer zudem keine M\u00f6glichkeit hat zu Hause oder am Arbeitsplatz zu laden, sollte den Kauf eines E-Autos sorgf\u00e4ltig abw\u00e4gen. Allerdings laufen bereits umfangreiche Ausbauprogramme, um diese L\u00fccken zu schlie\u00dfen.<\/p>\n<p>Auch der Kostenaspekt ist nachvollziehbar, denn E-Autos sind h\u00e4ufig teurer in der Anschaffung. Ber\u00fccksichtig man jedoch staatliche F\u00f6rderungen, sinkende Batteriepreise und geringere Betriebskosten, ergibt sich oft ein anderes Gesamtbild. Die Preisfrage bleibt dennoch ein legitimer Punkt, den man in eine ehrliche Bewertung mit einbeziehen sollte.<\/p>\n<p>Der Autor Clayton M. Christensen beschreibt in seinem Klassiker &#8222;The Innovator&#8217;s Dilemma&#8220; eine h\u00e4ufige Fehleinsch\u00e4tzung im Umgang mit neuen Technologien. Anfangs sind diese teurer, ineffizienter und sprechen m\u00f6glicherweise andere Kunden an als die etablierten Produkte. Dennoch erschlie\u00dfen sie neue M\u00e4rkte und ihre Technik entwickelt sich schnell weiter, sodass sie schlie\u00dflich g\u00fcnstiger, leistungsf\u00e4higer und attraktiver werden als die bestehenden L\u00f6sungen. Ein anschauliches Beispiel aus dem Buch sind Festplatten f\u00fcr PCs. Immer wieder wurde die Speichertechnologie durch neue Ans\u00e4tze disruptiert und die Hersteller der alten Technologien verpassten den Anschluss, weil sie das Potenzial der neuen Technologien untersch\u00e4tzen.<\/p>\n<p>Bei Elektroautos lassen sich deutliche Parallelen erkennen. Anfangs gelten sie als teuer, ineffizient und mit begrenzter Reichweite nur f\u00fcr bestimmte Kundengruppen geeignet. Mit der rasanten Entwicklung der Batterietechnologie \u00e4ndern sich diese Einsch\u00e4tzungen jedoch. Reichweiten von \u00fcber 1.500 km pro Ladung werden m\u00f6glich, die Fahrzeuge werden effizienter und kosteng\u00fcnstiger und die potenzielle kundengruppe erweitert sind deutlich.<\/p>\n<p>Diese differenzierte Betrachtung macht deutlich, dass einige Mythen auf tats\u00e4chlichen Einschr\u00e4nkungen oder Herausforderungen basieren. Gleichzeitig sind viele dieser Punkte bereits in der L\u00f6sung oder verlieren mit dem technologischen Fortschritt an Relevanz. Wie bei den meisten Themen gilt es, sowohl Vorteile als auch Nachteile objektiv zu betrachten und auf dieser Grundlage eine pers\u00f6nliche Entscheidung zu treffen. Pauschale Ablehnung aufgrund von Halbwahrheiten ist ebenso wenig hilfreich wie unkritische Begeisterung ohne Blick auf m\u00f6gliche Kosten.<\/p>\n<p>&nbsp;<\/p>\n<h4><u>Blick in die Zukunft<\/u><\/h4>\n<p>Die Elektromobilit\u00e4t steht erst am Anfang einer dynamischen Entwicklung. In den kommenden Jahren sind erhebliche Fortschritte zu erwarten, sowohl technisch als auch wirtschaftlich. Neue Batterietechnologien und leistungsf\u00e4higere Ladesysteme werden die Ladezeiten weiter verk\u00fcrzen und h\u00f6here Ladeleistungen erm\u00f6glichen. Gleichzeitig werden die Fahrzeugpreise durch Skaleneffekte sinken, denn je mehr Elektroautos produziert werden, desto g\u00fcnstiger werden Rohstoffe, Bauteile und Fertigungsprozesse pro Fahrzeug.<\/p>\n<p>Auch im Bereich der Nachhaltigkeit sind Verbesserungen absehbar. Recyclingverfahren, Second-Life-Konzepte f\u00fcr Batterien und eine CO\u2082-\u00e4rmere Produktion werden zunehmend etabliert. Erg\u00e4nzt wird dieser Fortschritt durch gesetzliche Rahmenbedingungen, steuerliche Vorteile oder Ausbauziele f\u00fcr die Ladeinfrastruktur.<\/p>\n<p>Zudem k\u00f6nnen technologische Innovationen wie das bidirektionale Laden eine Schl\u00fcsselrolle spielen. Elektrofahrzeuge w\u00fcrden damit nicht nur als Transportmittel dienen, sondern auch als flexible Energiespeicher, die Strom ins Netz, ins eigene Zuhause oder in externe Ger\u00e4te zur\u00fcckspeisen k\u00f6nnen.<\/p>\n<p>Ein Blick in die Zukunft zeigt, dass viele der heute noch wahrgenommenen Nachteile schon in wenigen Jahren keine Relevanz mehr haben werden. Die Elektromobilit\u00e4t wird dadurch nicht nur alltagstauglicher, sondern auch zu einem zentralen Baustein einer klimafreundlichen und zukunftsf\u00e4higen Mobilit\u00e4t.<\/p>\n<p>&nbsp;<\/p>\n<h4><u>Ausblick und Fazit<\/u><\/h4>\n<p>In der Summe l\u00e4sst sich sagen, dass viele der verbreiteten Mythen \u00fcber die Elektromobilit\u00e4t auf veralteten oder unverh\u00e4ltnism\u00e4\u00dfigen Annahmen fu\u00dfen. Die heutige Realit\u00e4t zeigt eine attraktive, verl\u00e4ssliche und zunehmend nachhaltige Mobilit\u00e4tsoption. Mit wachsender Ladeinfrastruktur, cleveren technischen L\u00f6sungen und wirtschaftlichen Vorteilen wird die Elektromobilit\u00e4t alltagstauglicher denn je.<\/p>\n<p>Vielen Dank, dass Sie sich die Zeit genommen haben, unseren Beitrag zu lesen.<\/p>\n<p>Auf unseren Social-Media-Kan\u00e4len\u00a0<a href=\"https:\/\/www.instagram.com\/we.digitize_\/\" target=\"_blank\" rel=\"noopener\">Instagram\u00a0<\/a>und\u00a0<a href=\"https:\/\/www.linkedin.com\/company\/wedigitize-weissappetito\/\" target=\"_blank\" rel=\"noopener\">LinkedIn\u00a0<\/a>erhalten Sie weitere Einblicke in unsere Projekte.<\/p>\n<p>Bleiben Sie gespannt!<\/p>\n<p>&nbsp;<\/p>\n<p>&nbsp;<\/p>\n","protected":false},"excerpt":{"rendered":"<p>Herzlich willkommen zur\u00fcck auf dem Blog von we.digitize! Hier informieren wir Sie regelm\u00e4\u00dfig \u00fcber aktuelle Entwicklungen und geben Einblicke in spannende Themen rund um unser Unternehmen und die Branche. In diesem Beitrag r\u00e4umen wir mit den h\u00e4ufigsten Mythen rund um die Elektromobilit\u00e4t auf. Die g\u00e4ngigsten Mythen auf den Punkt gebracht In diesem Beitrag widmen wir [&hellip;]<\/p>\n","protected":false},"author":5,"featured_media":2391,"comment_status":"closed","ping_status":"open","sticky":false,"template":"","format":"standard","meta":{"footnotes":""},"categories":[1],"tags":[],"class_list":["post-2385","post","type-post","status-publish","format-standard","has-post-thumbnail","hentry","category-uncategorized"],"_links":{"self":[{"href":"https:\/\/we-digitize.io\/de\/wp-json\/wp\/v2\/posts\/2385","targetHints":{"allow":["GET"]}}],"collection":[{"href":"https:\/\/we-digitize.io\/de\/wp-json\/wp\/v2\/posts"}],"about":[{"href":"https:\/\/we-digitize.io\/de\/wp-json\/wp\/v2\/types\/post"}],"author":[{"embeddable":true,"href":"https:\/\/we-digitize.io\/de\/wp-json\/wp\/v2\/users\/5"}],"replies":[{"embeddable":true,"href":"https:\/\/we-digitize.io\/de\/wp-json\/wp\/v2\/comments?post=2385"}],"version-history":[{"count":4,"href":"https:\/\/we-digitize.io\/de\/wp-json\/wp\/v2\/posts\/2385\/revisions"}],"predecessor-version":[{"id":2395,"href":"https:\/\/we-digitize.io\/de\/wp-json\/wp\/v2\/posts\/2385\/revisions\/2395"}],"wp:featuredmedia":[{"embeddable":true,"href":"https:\/\/we-digitize.io\/de\/wp-json\/wp\/v2\/media\/2391"}],"wp:attachment":[{"href":"https:\/\/we-digitize.io\/de\/wp-json\/wp\/v2\/media?parent=2385"}],"wp:term":[{"taxonomy":"category","embeddable":true,"href":"https:\/\/we-digitize.io\/de\/wp-json\/wp\/v2\/categories?post=2385"},{"taxonomy":"post_tag","embeddable":true,"href":"https:\/\/we-digitize.io\/de\/wp-json\/wp\/v2\/tags?post=2385"}],"curies":[{"name":"wp","href":"https:\/\/api.w.org\/{rel}","templated":true}]}}