{"id":2333,"date":"2025-03-10T21:46:02","date_gmt":"2025-03-10T21:46:02","guid":{"rendered":"https:\/\/we-digitize.io\/?p=2333"},"modified":"2026-02-25T11:31:37","modified_gmt":"2026-02-25T11:31:37","slug":"projektabschluesse-livelocker-und-livecharger-im-einsatz","status":"publish","type":"post","link":"https:\/\/we-digitize.io\/de\/2025\/03\/10\/projektabschluesse-livelocker-und-livecharger-im-einsatz\/","title":{"rendered":"Projektabschl\u00fcsse: LiveLocker\u00ae und LiveCharger im Einsatz"},"content":{"rendered":"<p>Herzlich willkommen zur\u00fcck auf dem Blog von we.digitize! Hier informieren wir Sie regelm\u00e4\u00dfig \u00fcber aktuelle Entwicklungen und geben Einblicke in spannende Themen rund um unser Unternehmen. Heute m\u00f6chten wir Ihnen einige unserer bereits erfolgreich abgeschlossenen Projekte unserer Produkte LiveLocker\u00ae und LiveCharger vorstellen.<\/p>\n<p>&nbsp;<\/p>\n<h3><strong><u>Erfolgreiche Projektabschl\u00fcsse im Bereich unserer LiveLocker\u00ae<\/u><\/strong><\/h3>\n<h4><u>Kauf Park G\u00f6ttingen: Digitale Schlie\u00dff\u00e4cher f\u00fcr ein besseres Einkaufserlebnis<\/u><\/h4>\n<p>Einkaufen soll Spa\u00df machen \u2013 das funktioniert am besten ohne die Belastung schwerer Taschen oder sperriger Jacken. Gemeinsam mit dem Kauf Park G\u00f6ttingen haben wir unsere digitalen Schlie\u00dff\u00e4cher installiert um den Komfort der Besucher*innen zu steigern.<\/p>\n<p>J\u00fcrgen Brunke, Center Manager des Kauf Parks, fasst es treffend zusammen:<\/p>\n<p><strong><em>\u00a0\u201eWir sind stolz, gemeinsam mit we.digitize, unseren Kundinnen und Kunden diesen kostenlosen Service zu bieten. Wir sind davon \u00fcberzeugt, d<\/em><\/strong><strong><em>as<\/em><\/strong><strong><em>s die digitalen <\/em><\/strong><strong><em>Schlie\u00dff\u00e4cher ein wichtiger Schritt in Richtung einer noch besseren Kundenerfahrung sind<\/em><\/strong><strong>.\u201c<\/strong><\/p>\n<p><img fetchpriority=\"high\" decoding=\"async\" class=\"alignleft wp-image-2334 \" src=\"http:\/\/we-digitize.io\/wp-content\/uploads\/2025\/03\/Goettingen2-scaled-e1741598957241-223x300.jpg\" alt=\"\" width=\"193\" height=\"260\" srcset=\"https:\/\/we-digitize.io\/wp-content\/uploads\/2025\/03\/Goettingen2-scaled-e1741598957241-223x300.jpg 223w, https:\/\/we-digitize.io\/wp-content\/uploads\/2025\/03\/Goettingen2-scaled-e1741598957241-763x1024.jpg 763w, https:\/\/we-digitize.io\/wp-content\/uploads\/2025\/03\/Goettingen2-scaled-e1741598957241-768x1031.jpg 768w, https:\/\/we-digitize.io\/wp-content\/uploads\/2025\/03\/Goettingen2-scaled-e1741598957241-1144x1536.jpg 1144w, https:\/\/we-digitize.io\/wp-content\/uploads\/2025\/03\/Goettingen2-scaled-e1741598957241-9x12.jpg 9w, https:\/\/we-digitize.io\/wp-content\/uploads\/2025\/03\/Goettingen2-scaled-e1741598957241.jpg 1284w\" sizes=\"(max-width: 193px) 100vw, 193px\" \/><\/p>\n<p>Dieser Service bietet nicht nur eine praktische L\u00f6sung, sondern tr\u00e4gt dazu bei, den Alltag sp\u00fcrbar zu erleichtern und angenehmer zu gestalten. Mit dieser neuen Dienstleistung setzen wir gemeinsam mit dem Kauf Park G\u00f6ttingen ein klares Zeichen: Service und Innovation stehen f\u00fcr uns im\u00a0Mittelpunkt. Die Schlie\u00dff\u00e4cher bieten nicht nur einen Mehrwert f\u00fcr die Kundschaft, sondern machen das Einkaufszentrum zu einem Ort, an dem Komfort und Kundenorientierung gro\u00dfgeschrieben werden.<\/p>\n<p>Die LiveLocker\u00ae im\u00a0Kauf Park G\u00f6ttingen zeigen, wie Technologie und Alltagserfahrungen sinnvoll miteinander verbunden werden k\u00f6nnen. Wir freuen uns mit diesem Projekt den Weg zu einer moderneren und kundenfreundlicheren Einkaufsumgebung zu ebnen.<\/p>\n<p>Ihr n\u00e4chster Einkauf? Entspannter denn je \u2013 dank unserer LiveLocker\u00ae im Kauf Park G\u00f6ttingen!<\/p>\n<p>&nbsp;<\/p>\n<h4><u>WaschMal: LiveLocker\u00ae as a service<\/u><\/h4>\n<p><img decoding=\"async\" class=\"wp-image-2335 alignright\" src=\"http:\/\/we-digitize.io\/wp-content\/uploads\/2025\/03\/Waschmal2-scaled-e1741599144422-193x300.jpg\" alt=\"\" width=\"164\" height=\"255\" srcset=\"https:\/\/we-digitize.io\/wp-content\/uploads\/2025\/03\/Waschmal2-scaled-e1741599144422-193x300.jpg 193w, https:\/\/we-digitize.io\/wp-content\/uploads\/2025\/03\/Waschmal2-scaled-e1741599144422-657x1024.jpg 657w, https:\/\/we-digitize.io\/wp-content\/uploads\/2025\/03\/Waschmal2-scaled-e1741599144422-768x1197.jpg 768w, https:\/\/we-digitize.io\/wp-content\/uploads\/2025\/03\/Waschmal2-scaled-e1741599144422-8x12.jpg 8w, https:\/\/we-digitize.io\/wp-content\/uploads\/2025\/03\/Waschmal2-scaled-e1741599144422.jpg 892w\" sizes=\"(max-width: 164px) 100vw, 164px\" \/><\/p>\n<p>Dank unserer Zusammenarbeit mit der WaschMal GmbH k\u00f6nnen Kund*innen jetzt stressfrei ihre W\u00e4sche waschen lassen \u2013 direkt im REWE-Markt und das komplett digital! Unsere Technologie erm\u00f6glicht die Integration der Schlie\u00dff\u00e4cher in die WaschMal-App \u00fcber unsere leistungsstarke API-Schnittstelle. Das Ergebnis: der WaschMal-Automat. Durch diese &#8222;LiveLocker-as-a-service&#8220; L\u00f6sung geben wir unseren Partnern eine flexible und digitale Schlie\u00dffachtechnologie in die Hand, um Innovationen und digitale Business Cases zu f\u00f6rdern.<\/p>\n<p>Unsere Zusammenarbeit mit der WaschMal GmbH ist ein perfektes Beispiel daf\u00fcr, wie Digitalisierung und physikalische Dienstleistungen Hand in Hand gehen k\u00f6nnen. \u00a0Die Integration der LiveLocker\u00ae bietet viele Vorteile f\u00fcr REWE-M\u00e4rkte, Unternehmen, Reiniger und nat\u00fcrlich den Endkund*innen. Vor allem die einfache Nutzung steht im Vordergrund, denn die Abgabe und Abholung der W\u00e4sche funktioniert vollst\u00e4ndig kontaktlos und digital. Au\u00dferdem ist die hohe Flexibilit\u00e4t ein gro\u00dfer Vorteil, da Kund*innen ihre W\u00e4sche jederzeit in einem der Schlie\u00dff\u00e4cher hinterlegen und den Service \u00fcber die App nutzen k\u00f6nnen. Zudem bringt der WaschMal-Automat eine hohe Effizienz mit, denn der gesamte Prozess, von der Buchung bis zur Abholung, ist intuitiv und zeitsparend gestaltet.<\/p>\n<h4><u>Startport GmbH: Smarte L\u00f6sungen f\u00fcr Coworking Spaces<\/u><\/h4>\n<p>Unsere LiveLocker\u00ae stehen auch bei der startport GmbH in Duisburg. Dadurch k\u00f6nnen sowohl Besucher*innen als auch Mitarbeiter*innen der verschiedenen Startups die Schlie\u00dff\u00e4cher zur \u00dcbergabe und Lagerung von Materialien nutzen.\u00a0 Unsere LiveLocker\u00ae stehen f\u00fcr eine moderne, kundenorientierte L\u00f6sung, die den Alltag erheblich erleichtert. Die Nutzung der LiveLocker\u00ae bietet enorme Vorteile, da sie f\u00fcr volle Flexibilit\u00e4t f\u00fcr den Arbeitsalltag s<img decoding=\"async\" class=\"size-medium wp-image-2336 alignleft\" src=\"http:\/\/we-digitize.io\/wp-content\/uploads\/2025\/03\/startport-300x225.jpg\" alt=\"\" width=\"300\" height=\"225\" srcset=\"https:\/\/we-digitize.io\/wp-content\/uploads\/2025\/03\/startport-300x225.jpg 300w, https:\/\/we-digitize.io\/wp-content\/uploads\/2025\/03\/startport-16x12.jpg 16w, https:\/\/we-digitize.io\/wp-content\/uploads\/2025\/03\/startport.jpg 570w\" sizes=\"(max-width: 300px) 100vw, 300px\" \/>orgen. Durch die Reservierungsfunktion wird hier eine erhebliche Entlastung erm\u00f6glicht, da sie vollkommene Planungssicherheit gew\u00e4hren. Au\u00dferdem vereinfacht die stressfreie \u00dcbergabe das Arbeitsleben, da Material und Unterlagen flexibel deponiert und abgeholt werden k\u00f6nnen, was ideal f\u00fcr Teams ist, die in wechselnden Zeitfenstern arbeiten. Zudem bieten unsere Schlie\u00dff\u00e4cher Sicherheit und Komfort, denn Wertgegenst\u00e4nde oder wichtige Dokumente sind jederzeit gesch\u00fctzt und dennoch leicht zug\u00e4nglich.<\/p>\n<p>Unsere Zusammenarbeit mit der startport GmbH unterstreicht unser Engagement, innovative Arbeitsumfelder aktiv zu unterst\u00fctzen. Wir freuen uns, Teil einer Community zu sein, die auf Fortschritt und Zusammenarbeit setzt und sind \u00fcberzeugt, dass unsere LiveLocker\u00ae einen wichtigen Beitrag zur F\u00f6rderung von Flexibilit\u00e4t und Effizienz leisten. Die smarte L\u00f6sung f\u00fcr Coworking-Spaces ist da und wir sind stolz darauf sie gemeinsam mit startport GmbH Realit\u00e4t werden zu lassen!<\/p>\n<p>&nbsp;<\/p>\n<h4><u>Unsere LiveLocker<\/u><u>\u00ae<\/u><u> sind auch auf Messen zu finden<\/u><\/h4>\n<p>Unsere LiveLocker\u00ae bieten enorme Vorteile f\u00fcr Messebesucher*innen, denn die dauerhafte Installation der digitalen Schlie\u00dff\u00e4cher sorgt f\u00fcr eine erhebliche Verbesserung des Messe-erlebnisses. Zum einen erm\u00f6glichen sie eine stressfreie Planung, denn die Schlie\u00dff\u00e4cher k\u00f6nnen flexibel genutzt werden \u2013 perfekt f\u00fcr spontane oder geplante Aufbewahrungen. Des Weiteren bieten sie vollkommene Sicherheit. Die Wertsachen der Nutzer*innen sind jederzeit gesch\u00fctzt. Ein gro\u00dfer Vorteil dabei ist, dass man keine M\u00fcnzen f\u00fcr die Verwendung der Schlie\u00dff\u00e4cher ben\u00f6tigt.<\/p>\n<p>Au\u00dferdem bieten sie vollen Komfort, da sich der Messeaufenthalt ohne l\u00e4stige Taschen oder schwere Gep\u00e4ckst\u00fccke besser genie\u00dfen l\u00e4sst und sich die Besucher*innen somit vollkommen auf die Inhalte der Messe konzentrieren k\u00f6nnen. Unsere LiveLocker\u00ae sind vollst\u00e4ndig digitalisiert und k\u00f6nnen bequem mit einem Smartphone bedient werden. Die Nutzung ist intuitiv und flexibel, da die Schlie\u00dff\u00e4cher nicht nur vor Ort, sondern auch durch eine Vorreservierung vor Messebeginn gebucht werden k\u00f6nnen. Diese smarte L\u00f6sung sorgt daf\u00fcr, dass alle Messeg\u00e4ste vom ersten bis zum letzten Messetag eine sorgenfreie und flexible L\u00f6sung zur Verf\u00fcgung stehen haben.<\/p>\n<figure id=\"attachment_2337\" aria-describedby=\"caption-attachment-2337\" style=\"width: 300px\" class=\"wp-caption alignleft\"><img loading=\"lazy\" decoding=\"async\" class=\"wp-image-2337 size-medium\" src=\"http:\/\/we-digitize.io\/wp-content\/uploads\/2025\/03\/messekarlsruhe-300x130.jpg\" alt=\"\" width=\"300\" height=\"130\" srcset=\"https:\/\/we-digitize.io\/wp-content\/uploads\/2025\/03\/messekarlsruhe-300x130.jpg 300w, https:\/\/we-digitize.io\/wp-content\/uploads\/2025\/03\/messekarlsruhe-768x332.jpg 768w, https:\/\/we-digitize.io\/wp-content\/uploads\/2025\/03\/messekarlsruhe-18x8.jpg 18w, https:\/\/we-digitize.io\/wp-content\/uploads\/2025\/03\/messekarlsruhe.jpg 828w\" sizes=\"(max-width: 300px) 100vw, 300px\" \/><figcaption id=\"caption-attachment-2337\" class=\"wp-caption-text\">Messe Karlsruhe<\/figcaption><\/figure>\n<p>Nach erfolgreichen Eins\u00e4tzen auf zahlreichen Veranstaltungen der Messe Karlsruhe, wie der \u201elearntec\u201c, \u201eREHAB\u201c und \u201eart Karlsruhe\u201c, sind wir stolz, jetzt auch einen permanenten Standort auf dem Messegel\u00e4nde zu haben. Seit dem 11. Juli 2022 finden Besucher*innen unsere modernen LiveLocker\u00ae direkt am Haupteingang links \u2013 bereit, ihren Messeaufenthalt komfortabler zu gestalten.<\/p>\n<p>&nbsp;<\/p>\n<figure id=\"attachment_2216\" aria-describedby=\"caption-attachment-2216\" style=\"width: 300px\" class=\"wp-caption alignright\"><img loading=\"lazy\" decoding=\"async\" class=\"wp-image-2216 size-medium\" src=\"http:\/\/we-digitize.io\/wp-content\/uploads\/2024\/09\/E-World-e1741599504570-300x149.png\" alt=\"\" width=\"300\" height=\"149\" srcset=\"https:\/\/we-digitize.io\/wp-content\/uploads\/2024\/09\/E-World-e1741599504570-300x149.png 300w, https:\/\/we-digitize.io\/wp-content\/uploads\/2024\/09\/E-World-e1741599504570-768x381.png 768w, https:\/\/we-digitize.io\/wp-content\/uploads\/2024\/09\/E-World-e1741599504570-18x9.png 18w, https:\/\/we-digitize.io\/wp-content\/uploads\/2024\/09\/E-World-e1741599504570.png 887w\" sizes=\"(max-width: 300px) 100vw, 300px\" \/><figcaption id=\"caption-attachment-2216\" class=\"wp-caption-text\">E-World<\/figcaption><\/figure>\n<p>Auch bei der E-World k\u00f6nnen wir f\u00fcr einen stressfreien Messebesuch sorgen. Unsere Schlie\u00dff\u00e4cher sind \u00fcber mehrere Hallen der E-World verteilt und stehen bereit zur Gep\u00e4ckaufbewahrung. Die Vorteile liegen auf der Hand: Besucher*innen k\u00f6nnen sich voll und ganz auf die Messe konzentrieren, ohne sich Gedanken um ihre Taschen, Jacken oder Koffer machen zu m\u00fcssen.<\/p>\n<p>Die E-World bucht uns tempor\u00e4r, was ein gutes Beispiel f\u00fcr die kurzzeitige und mobile Anwendung unserer LiveLocker ist.<\/p>\n<p>Die Zusammenarbeit mit der E-World und mit der Messe Karlsruhe sind weitere Beispiele daf\u00fcr, wie we.digitize innovative L\u00f6sungen f\u00fcr moderne Bed\u00fcrfnisse entwickelt. Wir freuen uns, Teil von Veranstaltungen zu sein, bei denen Innovation und Fortschritt gro\u00dfgeschrieben werden und sind \u00fcberzeugt, dass unsere LiveLocker\u00ae das Messeerlebnis vieler Besucher*innen noch bereichernder machen.<\/p>\n<figure id=\"attachment_2338\" aria-describedby=\"caption-attachment-2338\" style=\"width: 225px\" class=\"wp-caption alignleft\"><img loading=\"lazy\" decoding=\"async\" class=\"wp-image-2338 size-medium\" src=\"http:\/\/we-digitize.io\/wp-content\/uploads\/2025\/03\/digitalx-e1741599566959-225x300.jpg\" alt=\"\" width=\"225\" height=\"300\" srcset=\"https:\/\/we-digitize.io\/wp-content\/uploads\/2025\/03\/digitalx-e1741599566959-225x300.jpg 225w, https:\/\/we-digitize.io\/wp-content\/uploads\/2025\/03\/digitalx-e1741599566959-9x12.jpg 9w, https:\/\/we-digitize.io\/wp-content\/uploads\/2025\/03\/digitalx-e1741599566959.jpg 513w\" sizes=\"(max-width: 225px) 100vw, 225px\" \/><figcaption id=\"caption-attachment-2338\" class=\"wp-caption-text\">Digital X<\/figcaption><\/figure>\n<p>Wir wurden zudem tempor\u00e4r von Digital X, einer Initiative der deutschen Telekom, gebucht.<\/p>\n<p>Hier haben wir insgesamt 48 F\u00e4cher f\u00fcr den Outdoor-Bereich installiert. Ein 24er-System wurde im Mediapark, in unmittelbarer N\u00e4he der Hauptb\u00fchne, aufgestellt. Das zweite 24er-System wurde im Stadtgarten aufgestellt, in direkter N\u00e4he zum Startup Hub.<\/p>\n<p>Wir freuen uns Teil solcher Veranstaltungen zu sein, sei es im tempor\u00e4ren oder im dauerhaften Einsatz.<\/p>\n<p>&nbsp;<\/p>\n<p>&nbsp;<\/p>\n<p>&nbsp;<\/p>\n<p>&nbsp;<\/p>\n<p>&nbsp;<\/p>\n<h3><strong><u>Erfolgreiche Projektabschl\u00fcsse im Bereich unserer LiveCharger<\/u><\/strong><\/h3>\n<h4><u>LiveCharger<\/u><u> am Frankfurter Ring 172: Elektromobilit\u00e4t leichtgemacht<\/u><\/h4>\n<p>Im Parkhaus am Frankfurter Ring 172 in M\u00fcnchen werden unseren E-Ladestationen als eine moderne und bequeme L\u00f6sung f\u00fcr die Mitarbeiter und G\u00e4ste der Firma, die ihr Elektrofahrzeug laden m\u00f6chten, angeboten. Ob f\u00fcr einen kurzen Zwischenstopp oder l\u00e4ngere<img loading=\"lazy\" decoding=\"async\" class=\"size-full wp-image-2339 alignright\" src=\"http:\/\/we-digitize.io\/wp-content\/uploads\/2025\/03\/frankfurterring.png\" alt=\"\" width=\"300\" height=\"215\" srcset=\"https:\/\/we-digitize.io\/wp-content\/uploads\/2025\/03\/frankfurterring.png 300w, https:\/\/we-digitize.io\/wp-content\/uploads\/2025\/03\/frankfurterring-18x12.png 18w\" sizes=\"(max-width: 300px) 100vw, 300px\" \/> Erledigungen, unsere E-Ladestationen erm\u00f6glichen ein einfaches und effizientes Aufladen. Mit nur wenigen Schritten k\u00f6nnen Nutzer*innen ihr Fahrzeug anschlie\u00dfen und die Ladezeit optimal f\u00fcr andere Aktivit\u00e4ten nutzen.<\/p>\n<p>Dieses Projekt haben wir erfolgreich im Auftrag unseres Partners SSS abgewickelt. Dabei haben wir die Planung, Installation und Konfiguration der gesamten Ladeinfrastruktur \u00fcbernommen. Konkret wurden 22 Meter Stromschiene verlegt und f\u00fcnf Doppelladestationen von Alfen installiert. Zudem erfolgte die komplette Stromschienenmontage inklusive Anschlusskabel bis zur Unterverteilung durch uns.<\/p>\n<p>Wir freuen uns mit unseren E-Ladestationen am Frankfurter Ring eine zuverl\u00e4ssige und alltagstaugliche Infrastruktur f\u00fcr Elektrofahrzeuge bereitstellen zu k\u00f6nnen und sind stolz darauf ein Teil der wachsenden Elektromobilit\u00e4tsbewegung zu sein.<\/p>\n<p>&nbsp;<\/p>\n<h4><u>LiveCharger<\/u><u> in der Erlebniswelt Trauffer: Volle Energie f\u00fcr Mensch und Auto<\/u><\/h4>\n<p>Wir freuen uns, unsere LiveCharger-Ladel\u00f6sung auch den Ferieng\u00e4sten der Erlebniswelt Trauffer anbieten zu k\u00f6nnen. Diese Kooperation verbindet innovative Elektromobilit\u00e4t mit einer der malerischsten Destinationen der Schweiz. In dem Parkhaus der Erlebniswelt k\u00f6nnen G\u00e4ste ihre Elektroautos bequem und schnell mit bis zu 22 kW Ladeleistung aufladen. W\u00e4hrend das Auto Energie tankt, k\u00f6nnen Urlauber*innen ihre Zeit entspannt genie\u00dfen \u2013 ob bei einem Spaziergang in der wundersch\u00f6nen Natur oder beim Erkunden der vielseitigen Erlebniswelt.<\/p>\n<p><img loading=\"lazy\" decoding=\"async\" class=\"size-medium wp-image-2340 alignleft\" src=\"http:\/\/we-digitize.io\/wp-content\/uploads\/2025\/03\/trauffer-300x171.jpg\" alt=\"\" width=\"300\" height=\"171\" srcset=\"https:\/\/we-digitize.io\/wp-content\/uploads\/2025\/03\/trauffer-300x171.jpg 300w, https:\/\/we-digitize.io\/wp-content\/uploads\/2025\/03\/trauffer-18x10.jpg 18w, https:\/\/we-digitize.io\/wp-content\/uploads\/2025\/03\/trauffer.jpg 717w\" sizes=\"(max-width: 300px) 100vw, 300px\" \/>Unsere LiveCharger bieten vor Ort viele Vorteile. Zum einen erm\u00f6glichen sie effizientes Laden, was ideal f\u00fcr Reisende ist, die ihre Zeit optimal nutzen m\u00f6chten. Au\u00dferdem herrscht eine hohe Kompatibilit\u00e4t, denn unsere LiveCharger passen zu allen g\u00e4ngigen Elektrofahrzeugen. Zus\u00e4tzlich ist es eine patentierte Technologie mit Pr\u00e4zision und Zuverl\u00e4ssigkeit, zugeschnitten auf moderne Mobilit\u00e4tsbed\u00fcrfnisse. Mit unserer Ladel\u00f6sung leisten wir einen Beitrag dazu, den Tourismus nachhaltiger zu gestalten. G\u00e4ste der Erlebniswelt Trauffer k\u00f6nnen nicht nur ihre Autobatterien aufladen, sondern auch selbst neue Energie tanken \u2013 in einer Umgebung, die Erholung, Abenteuer und Gastfreundschaft vereint.<\/p>\n<p>Trauffer nutzt gezielt die Flexibilit\u00e4t unseres Systems, da die Ladestationen regelm\u00e4\u00dfig unplatziert werden, damit sie an verschiedenen Parkpl\u00e4tzen genutzt werden k\u00f6nnen. Das bietet den Vorteil, dass keine festen E-Parkpl\u00e4tze angewiesen werden m\u00fcssen. Sollten keine Elektrofahrzeuge vor Ort sein, k\u00f6nnen auch Verbrennerfahrzeuge die Stellfl\u00e4chen nutzen. Zudem erm\u00f6glicht diese L\u00f6sung eine flexible Anpassung an die individuellen Kundenw\u00fcnsche.<\/p>\n<p>Bei diesem Projekt wurde die optionale Abdeckung der Stromschiene nicht installiert, da sich die Ladeinfrastruktur vollst\u00e4ndig im Innenbereich befindet. Zus\u00e4tzlich haben wir am Anfang der Stromschiene eine weitere Abgangsbox angebraucht und vorbereitet, sodass E-Fahrr\u00e4der \u00fcber die bestehende Infrastruktur mit Strom versorgt werden k\u00f6nnen.<\/p>\n<p>Die Zusammenarbeit mit der Erlebniswelt Trauffer zeigt, wie sich innovative Technologie und unvergessliche Reiseerlebnisse erg\u00e4nzen k\u00f6nnen. Mit unseren E-Ladestationen m\u00f6chten wir dazu beitragen, dass die Anreise mit Elektroautos einfacher wird und Reisende ihre Ferien sorgenfrei genie\u00dfen k\u00f6nnen.<\/p>\n<p>Viel Spa\u00df beim Batterieaufladen \u2013 f\u00fcr Mensch und Auto!<\/p>\n<p>&nbsp;<\/p>\n<h4><u>LiveCharger<\/u><u>\u00a0<\/u><u><\/u><u>am EUREF-Campus Berlin: Elektromobilit\u00e4t einfach gemacht<\/u><\/h4>\n<p><img loading=\"lazy\" decoding=\"async\" class=\"alignleft wp-image-2341 size-full\" src=\"http:\/\/we-digitize.io\/wp-content\/uploads\/2025\/03\/berlin-e1741599737538.png\" alt=\"\" width=\"153\" height=\"174\" srcset=\"https:\/\/we-digitize.io\/wp-content\/uploads\/2025\/03\/berlin-e1741599737538.png 153w, https:\/\/we-digitize.io\/wp-content\/uploads\/2025\/03\/berlin-e1741599737538-11x12.png 11w\" sizes=\"(max-width: 153px) 100vw, 153px\" \/><\/p>\n<p>Am EUREF-Campus in Berlin k\u00f6nnen bis zu 20 Elektroautos gleichzeitig schnell und bequem aufgeladen werden. Diese Installation ist ein bedeutender Schritt auf dem Weg zu einer umweltfreundlicheren Zukunft. Mit unserer Installation unterst\u00fctzen wir die Mission dieses Standorts, indem wir die Elektromobilit\u00e4t f\u00f6rdern und den Umstieg auf emissionsfreie Fahrzeuge erleichtern. Mit LiveCharger bieten wir eine L\u00f6sung, die Komfort, Effizienz und Nachhaltigkeit vereint, f\u00fcr eine Mobilit\u00e4t, die sowohl praktisch als auch zukunftsorientiert ist.<\/p>\n<p>Laden Sie Ihr Elektroauto am EUREF-Campus und seien Sie Teil einer Bewegung, die die Zukunft des Verkehrs nachhaltig ver\u00e4ndert. Wir freuen uns, Teil dieser wichtigen Initiative zu sein!<\/p>\n<p>&nbsp;<\/p>\n<h4><u>Weiss+Appetito w\u00fcnscht gute Fahrt<\/u><\/h4>\n<p>Elektrisch tanken f\u00fcr jedermann! Nun kann sich jede*r von unseren E-Ladestationen an der Keniastrasse 31 in Duisburg \u00fcberzeugen. F\u00fcr nur <img loading=\"lazy\" decoding=\"async\" class=\"alignleft wp-image-2342 size-medium\" src=\"http:\/\/we-digitize.io\/wp-content\/uploads\/2025\/03\/wa-e1741599829429-300x191.jpg\" alt=\"\" width=\"300\" height=\"191\" srcset=\"https:\/\/we-digitize.io\/wp-content\/uploads\/2025\/03\/wa-e1741599829429-300x191.jpg 300w, https:\/\/we-digitize.io\/wp-content\/uploads\/2025\/03\/wa-e1741599829429-18x12.jpg 18w, https:\/\/we-digitize.io\/wp-content\/uploads\/2025\/03\/wa-e1741599829429.jpg 673w\" sizes=\"(max-width: 300px) 100vw, 300px\" \/>50ct\/kWh k\u00f6nnen an der Weiss+Appetito Niederlassung unsere Ladestationen benutzt werden \u2013 ganz ohne App. Nur kurz den QR-Code an den E-Ladestationen scannen, g\u00e4ngige Zahlungsmittel auf der Website angeben und es kann losgehen.<\/p>\n<p>Unsere Stromschienenl\u00f6sung ist perfekt f\u00fcr Firmenparkpl\u00e4tze, bei der die E-Flotte noch im Aufbau ist. Man kann klein anfangen und die Infrastruktur mit der Anzahl an E-Autos hochskalieren.<\/p>\n<p>&nbsp;<\/p>\n<p>&nbsp;<\/p>\n<p>Bei diesem Projekt wurden ca. 40 Meter Stromschiene verbaut. Entlang der Stromschiene befinden sich folgende Ladestationen:<\/p>\n<ul>\n<li>6x LiveCharger #EMBED<\/li>\n<li>3x Alfen Eve Single (\u00f6ffentlich nutzbar)<\/li>\n<li>1x Keba P30<\/li>\n<\/ul>\n<p>&nbsp;<\/p>\n<p>Mit diesem Projekt zeigen wir, wie Elektromobilit\u00e4t im Alltag zug\u00e4nglich gemacht werden kann. Unsere LiveCharger machen das Laden von Elektroautos einfacher und effizienter \u2013 perfekt f\u00fcr Berufst\u00e4tige, Pendler*innen oder Besucher*innen der Umgebung.<\/p>\n<p>Nutzen Sie die Gelegenheit, an der Keniastra\u00dfe 31 gr\u00fcn zu tanken, und genie\u00dfen Sie eine stressfreie Fahrt in eine nachhaltige Zukunft. Wir w\u00fcnschen Ihnen viel Spa\u00df beim auftanken und gute Fahrt!<\/p>\n<p>&nbsp;<\/p>\n<h4><u>Shimdazu EU und DE<\/u><\/h4>\n<p>Wir haben bereits erfolgreiche Projektabschl\u00fcsse sowohl bei Shimadzu Europa als auch bei Shimadzu Deutschland erreicht!<\/p>\n<p><img loading=\"lazy\" decoding=\"async\" class=\"size-medium wp-image-2343 alignleft\" src=\"http:\/\/we-digitize.io\/wp-content\/uploads\/2025\/03\/shimadzuEU-300x225.jpg\" alt=\"\" width=\"300\" height=\"225\" srcset=\"https:\/\/we-digitize.io\/wp-content\/uploads\/2025\/03\/shimadzuEU-300x225.jpg 300w, https:\/\/we-digitize.io\/wp-content\/uploads\/2025\/03\/shimadzuEU-16x12.jpg 16w, https:\/\/we-digitize.io\/wp-content\/uploads\/2025\/03\/shimadzuEU.jpg 646w\" sizes=\"(max-width: 300px) 100vw, 300px\" \/>Derzeit verf\u00fcgt Shimadzu EU \u00fcber zw\u00f6lf installierte Ladepunkte. Die bestehende Infrastruktur ist jedoch bereits so ausgelegt, dass eine Verdopplung der Ladepunkte problemlos realisierbar ist. Dar\u00fcber hinaus besteht die M\u00f6glichkeit, die Kapazit\u00e4t durch weitere Ausbaustufen zu erh\u00f6hen.<\/p>\n<p>Dank unserer LiveCharger-Infrastruktur kann nun eine Vielzahl an Fahrzeugen gleichzeitig aufgeladen werden. Wir sind stolz auf die erreichten Ergebnisse und freuen uns, dass wir einen wichtigen Beitrag zur Weiterentwicklung der Ladeinfrastruktur leisten konnten.<\/p>\n<p>&nbsp;<\/p>\n<p>&nbsp;<\/p>\n<p>Bei Shimadzu DE sind unsere Ladestationen bereits im November 2023 in den Betrieb gegangen. Davon sind drei Ladestationen auf unserer Embed LS Stromschiene angebracht worden.<\/p>\n<p>Wir freuen uns \u00fcber die erfolgreiche Zusammenarbeit und den gelungenen Abschluss beider Projekte!<\/p>\n<p>&nbsp;<\/p>\n<h4><strong><u>Gemeinsam mit ELLI: Zahlreiche Projekte f\u00fcr die Zukunft der Elektromobilit\u00e4t<\/u><\/strong><\/h4>\n<p>Wir sind offizieller Partner von ELLI &#8211; Eine Marke der Volkswagen Gruppe &#8211; im Bereich Planung und Installation und haben bereits zahlreiche gemeinsame Projekte durchgef\u00fchrt. Dazu z\u00e4hlen unter anderem die Installation von Alptronic DC-Ladestationen sowie von Elli Wallboxen und Elli Flexpole DC-Ladestation. Dar\u00fcber hinaus wurden bereits \u00fcber 500 Ladepunkte gewartet, in Betrieb genommen oder migriert.<\/p>\n<p>Unsere Installationen umfassen stets die gesamte technische Infrastruktur, einschlie\u00dflich Unterverteilung, Verkabelung und Tiefbauarbeiten. Die Projekte wurden deutschlandweit realisiert, unter anderem in Bayern (Anger), Wolfsburg, Stuttgart und Leipzig.<\/p>\n<p>&nbsp;<\/p>\n<h4><u>Innovative L\u00f6sungen: Unsere Projekte im Fokus<\/u><\/h4>\n<p>Unsere Projekte verdeutlichen, wie unsere innovativen Produkte den Alltag vereinfachen und einen aktiven Beitrag zur Gestaltung der Zukunft leisten.<\/p>\n<p>Mit unseren digitalen Schlie\u00dff\u00e4chern setzen wir neue Ma\u00dfst\u00e4be in den Bereichen Flexibilit\u00e4t, Komfort und Digitalisierung, sei es in Einkaufszentren, auf Messen oder in modernen Arbeitsumgebungen. Unsere Zusammenarbeit mit Partnern wie dem Kauf Park G\u00f6ttingen, WaschMal und der startport GmbH unterstreicht unser Engagement, Technologie sinnvoll in den Alltag zu integrieren und gleichzeitig einen Mehrwert f\u00fcr Kund*innen und Unternehmen zu schaffen.<\/p>\n<p>Mit unseren E-Ladestationen treiben wir die E-Mobilit\u00e4t voran. Von M\u00fcnchen \u00fcber die Erlebniswelt Trauffer bis hin zum EUREF-Campus in Berlin verbindet unsere E-Ladeinfrastruktur Benutzerfreundlichkeit mit einem klaren Fokus auf Effizienz. Damit leisten wir einen aktiven Beitrag zu einer umweltfreundlicheren Zukunft und gestalten Elektromobilit\u00e4t zug\u00e4nglich und alltagstauglich.<\/p>\n<p>Jedes unserer Projekte spiegelt unser Streben wider, innovative und serviceorientierte Technologien zu entwickeln. Wir sind stolz darauf mit unseren Partnern das Leben unserer Kund*innen zu verbessern.<\/p>\n<p>Wenn Sie mehr \u00fcber unsere aktuellen Projekte erfahren m\u00f6chten, besuchen Sie gerne unsere <a href=\"https:\/\/we-digitize.io\/de\/\">Webseite<\/a>. Dort finden Sie regelm\u00e4\u00dfig aktualisierte Informationen zu unseren Projekten.<\/p>\n<p>Vielen Dank f\u00fcr Ihr Interesse an diesem Beitrag, wir freuen uns darauf Sie auch k\u00fcnftig mit spannenden Themen begr\u00fc\u00dfen zu k\u00f6nnen!<\/p>\n","protected":false},"excerpt":{"rendered":"<p>Herzlich willkommen zur\u00fcck auf dem Blog von we.digitize! Hier informieren wir Sie regelm\u00e4\u00dfig \u00fcber aktuelle Entwicklungen und geben Einblicke in spannende Themen rund um unser Unternehmen. Heute m\u00f6chten wir Ihnen einige unserer bereits erfolgreich abgeschlossenen Projekte unserer Produkte LiveLocker\u00ae und LiveCharger vorstellen. &nbsp; Erfolgreiche Projektabschl\u00fcsse im Bereich unserer LiveLocker\u00ae Kauf Park G\u00f6ttingen: Digitale Schlie\u00dff\u00e4cher f\u00fcr [&hellip;]<\/p>\n","protected":false},"author":5,"featured_media":2348,"comment_status":"closed","ping_status":"open","sticky":false,"template":"","format":"standard","meta":{"footnotes":""},"categories":[1],"tags":[],"class_list":["post-2333","post","type-post","status-publish","format-standard","has-post-thumbnail","hentry","category-uncategorized"],"_links":{"self":[{"href":"https:\/\/we-digitize.io\/de\/wp-json\/wp\/v2\/posts\/2333","targetHints":{"allow":["GET"]}}],"collection":[{"href":"https:\/\/we-digitize.io\/de\/wp-json\/wp\/v2\/posts"}],"about":[{"href":"https:\/\/we-digitize.io\/de\/wp-json\/wp\/v2\/types\/post"}],"author":[{"embeddable":true,"href":"https:\/\/we-digitize.io\/de\/wp-json\/wp\/v2\/users\/5"}],"replies":[{"embeddable":true,"href":"https:\/\/we-digitize.io\/de\/wp-json\/wp\/v2\/comments?post=2333"}],"version-history":[{"count":4,"href":"https:\/\/we-digitize.io\/de\/wp-json\/wp\/v2\/posts\/2333\/revisions"}],"predecessor-version":[{"id":2418,"href":"https:\/\/we-digitize.io\/de\/wp-json\/wp\/v2\/posts\/2333\/revisions\/2418"}],"wp:featuredmedia":[{"embeddable":true,"href":"https:\/\/we-digitize.io\/de\/wp-json\/wp\/v2\/media\/2348"}],"wp:attachment":[{"href":"https:\/\/we-digitize.io\/de\/wp-json\/wp\/v2\/media?parent=2333"}],"wp:term":[{"taxonomy":"category","embeddable":true,"href":"https:\/\/we-digitize.io\/de\/wp-json\/wp\/v2\/categories?post=2333"},{"taxonomy":"post_tag","embeddable":true,"href":"https:\/\/we-digitize.io\/de\/wp-json\/wp\/v2\/tags?post=2333"}],"curies":[{"name":"wp","href":"https:\/\/api.w.org\/{rel}","templated":true}]}}